{"id":8048,"date":"2024-09-04T18:11:37","date_gmt":"2024-09-04T18:11:37","guid":{"rendered":"https:\/\/puigvelaclassica.com\/the-xvii-edition-of-the-puig-vela-classica-regatta\/"},"modified":"2024-09-04T18:14:24","modified_gmt":"2024-09-04T18:14:24","slug":"xvii-edicion-regata-puig-vela-classica","status":"publish","type":"post","link":"https:\/\/puigvelaclassica.com\/es\/xvii-edicion-regata-puig-vela-classica\/","title":{"rendered":"Las condiciones meteorol\u00f3gicas posponen el inicio de la XVII Edici\u00f3n de la Regata Puig Vela Cl\u00e0ssica para ma\u00f1ana"},"content":{"rendered":"<p><strong>\u2022 Las predicciones favorables para este jueves prometen un espect\u00e1culo na\u00fatico incomparable con 77 veleros cl\u00e1sicos legendarios surcando las aguas catalanas.<\/strong><br \/>\n<strong>\u2022 La Clase 12M y su impacto en la historia de la America&#8217;s Cup: Un repaso en Barcelona<\/strong><\/p>\n<p>La complicada situaci\u00f3n meteorol\u00f3gica que estos d\u00edas vive la costa catalana ha impedido inaugurar la regata Puig Vela Cl\u00e0ssica, cuyo programa deportivo contemplaba las tres primeras pruebas de la clase 12 Metros.<\/p>\n<p>Un frente tormentoso ha cruzado Barcelona y sus aguas, trayendo aguaceros con la amenaza de un abundante aparato el\u00e9ctrico, condiciones que han aconsejado al comit\u00e9 de regatas retrasar el inicio de la jornada. Lamentablemente, cuando a mediod\u00eda el frente ya hab\u00eda pasado, el viento brillaba por su ausencia, aconsejando a los organizadores suspender las pruebas del d\u00eda.<\/p>\n<p>Sin embargo, esta demora no ha hecho m\u00e1s que aumentar las expectativas en torno a la emblem\u00e1tica clase 12 Metros de la America&#8217;s Cup, cuyo regreso a aguas catalanas es m\u00e1s que esperado por aficionados y profesionales de la vela. Ma\u00f1ana, si las condiciones meteorol\u00f3gicas lo permiten, se dar\u00e1 inicio a la regata con los 77 cl\u00e1sicos en iza.<\/p>\n<p>El Real Club N\u00e1utico de Barcelona prev\u00e9 que todas las categor\u00edas participantes \u2014Big Boats, \u00c9poca Bermudiana y Cangreja, Cl\u00e1sicos, Cl\u00e1sico IOR y Modern Classic\u2014 puedan competir con vientos del sur, de intensidad floja a media manteniendo la hora de salida a las 13:00 en los dos campos de regata.<\/p>\n<h5>La evoluci\u00f3n de la Clase 12 M y su Legado en la America&#8217;s Cup<\/h5>\n<p>La Clase Internacional 12 Metros comenz\u00f3 su andadura a principios del siglo pasado, siendo una de las embarcaciones que compitieron en los Juegos Ol\u00edmpicos en las ediciones consecutivas de 1908, 1912 y 1920, tras el par\u00f3n obligado por la Primera Guerra Mundial. La America&#8217;s Cup vivi\u00f3 su primera \u00e9poca dorada con la elecci\u00f3n de los 12 Metros.<\/p>\n<p>Con el estallido de la Segunda Guerra Mundial, la competici\u00f3n se suspendi\u00f3 hasta 1958. En ese momento, los costosos Clase J dieron paso a los m\u00e1s asequibles y numerosos 12 Metros. Para ello, fue necesario modificar el Deed of Gift, limitando la eslora de flotaci\u00f3n de 65 a 44 pies, lo que permiti\u00f3 que la Clase Internacional 12 Metros fuera elegida para competir en la America&#8217;s Cup.<\/p>\n<p>Y as\u00ed, en la edici\u00f3n de 1958 comenz\u00f3 la m\u00e1s gloriosa \u00e9poca de la America\u2019s Cup, que se prolong\u00f3 hasta 1987, cuando el desaf\u00edo del neozeland\u00e9s Michel Fay se aferr\u00f3 a las normas del Deed of Gift para retar a Dennis Conner con un gigantesco monocasco, mientras este \u00faltimo optaba por defenderse con \u00e9xito a bordo de un sencillo catamar\u00e1n de 40 pies.<\/p>\n<p>Las diez ediciones celebradas entre 1958 y 1987 supusieron la mejor \u00e9poca de la America\u2019s Cup, gracias a la previa gran aceptaci\u00f3n de los 12 Metros que propici\u00f3 una numerosa participaci\u00f3n internacional y la reorganizaci\u00f3n de las series clasificatorias de los challenger. Barcos m\u00edticos como los Columbia, Weatherly, Constelation, Intrepid y Courageos ambos por partida doble, el Australia II y el Stars&amp;Stripes inscribieron con letras de oro sus nombres en el palmar\u00e9s de ganadores.<\/p>\n<p>Como punta de lanza tecnol\u00f3gica, que siempre ha sido la Americas Cup, algunos equipos encontraron alianzas estrat\u00e9gicas con empresas de la entonces puntera industria aeroespacial. El emergente uso del aluminio en la construcci\u00f3n de barcos y m\u00e1stiles fue el campo donde m\u00e1s se avanz\u00f3 notablemente gracias a los 12 Metros.<\/p>\n<p>Pero es en 1983 cuando los 12 Metros protagonizaron el primer gran hito de la America\u2019s Cup. El Australia II cometi\u00f3 la osad\u00eda de derrotar por vez primera al Defender estadounidense, imponi\u00e9ndose por un ag\u00f3nico 4-3 al Liberty de Dennis Conner, conocido como Mr America\u2019s Cup. Todo un mito de la competici\u00f3n que pudo salvar el honor al recuperar la Jarra de las Cien Guineas cuatro a\u00f1os m\u00e1s tarde en aguas australianas con su Stars&amp;Sripes. La edici\u00f3n diputada en Fremantle terminar\u00eda siendo la \u00faltima edici\u00f3n disputada por el mejor barco que ha tenido la America\u2019s Cup, cuando despu\u00e9s el neozeland\u00e9s Michael Fay lanz\u00f3 un desaf\u00edo a Conner sujeto al Deed of Gift entre un gigantesco monocasco y un diminuto catamar\u00e1n<\/p>\n<p>En esta XVII edici\u00f3n de la Regata Puig Vela Cl\u00e0ssica, la flota de 12 metros compite agrupada en dos categor\u00edas, fruto del paso de los a\u00f1os entre los primeros barcos y los m\u00e1s recientes. Los Divisi\u00f3n B son m\u00e1s vintage, construidos en madera y con velas menos vanguardistas. Entre sus 8 participantes hay que destacar la presencia del longevo Thea (1918). Los cinco dise\u00f1os de siguientes generaciones compiten en la Divis\u00f3n A, destacando la presencia del Kiwi Magic (primer barco construido en fibra de vidrio para competir en la America\u2019s Cup de 1987) o la del Kookaburra II del tambi\u00e9n propietario del equipo Luna Rossa Patrizio Bertelli.<\/p>\n","protected":false},"excerpt":{"rendered":"<p>\u2022 Las predicciones favorables para este jueves prometen un espect\u00e1culo na\u00fatico incomparable con 77 veleros cl\u00e1sicos legendarios surcando las aguas catalanas. \u2022 La Clase 12M y su impacto en la historia de la America&#8217;s Cup: Un repaso en Barcelona La complicada situaci\u00f3n meteorol\u00f3gica que estos d\u00edas vive la costa catalana ha impedido inaugurar la regata [&hellip;]<\/p>\n","protected":false},"author":1,"featured_media":8046,"comment_status":"closed","ping_status":"closed","sticky":false,"template":"","format":"standard","meta":{"_acf_changed":false,"footnotes":""},"categories":[1],"class_list":["post-8048","post","type-post","status-publish","format-standard","has-post-thumbnail","hentry","category-archive"],"acf":[],"yoast_head":"<!-- This site is optimized with the Yoast SEO plugin v25.6 - https:\/\/yoast.com\/wordpress\/plugins\/seo\/ -->\n<title>Las condiciones meteorol\u00f3gicas posponen el inicio de la XVII Edici\u00f3n de la Regata Puig Vela Cl\u00e0ssica para ma\u00f1ana - Puig Vela Cl\u00e0ssica Barcelona<\/title>\n<meta name=\"description\" content=\"Las condiciones meteorol\u00f3gicas posponen el inicio de la XVII Edici\u00f3n de la Regata Puig Vela Cl\u00e0ssica para ma\u00f1ana\" \/>\n<meta name=\"robots\" content=\"index, follow, max-snippet:-1, max-image-preview:large, max-video-preview:-1\" \/>\n<link rel=\"canonical\" href=\"https:\/\/puigvelaclassica.com\/es\/xvii-edicion-regata-puig-vela-classica\/\" \/>\n<meta property=\"og:locale\" content=\"es_ES\" \/>\n<meta property=\"og:type\" content=\"article\" \/>\n<meta property=\"og:title\" content=\"Las condiciones meteorol\u00f3gicas posponen el inicio de la XVII Edici\u00f3n de la Regata Puig Vela Cl\u00e0ssica para ma\u00f1ana - Puig Vela Cl\u00e0ssica Barcelona\" \/>\n<meta property=\"og:description\" content=\"Las condiciones meteorol\u00f3gicas posponen el inicio de la XVII Edici\u00f3n de la Regata Puig Vela Cl\u00e0ssica para ma\u00f1ana\" \/>\n<meta property=\"og:url\" content=\"https:\/\/puigvelaclassica.com\/es\/xvii-edicion-regata-puig-vela-classica\/\" \/>\n<meta property=\"og:site_name\" content=\"Puig Vela Cl\u00e0ssica Barcelona\" \/>\n<meta property=\"article:published_time\" content=\"2024-09-04T18:11:37+00:00\" \/>\n<meta property=\"article:modified_time\" content=\"2024-09-04T18:14:24+00:00\" \/>\n<meta property=\"og:image\" content=\"https:\/\/hundreds-wordpress-uploads.s3.amazonaws.com\/velaclassica\/uploads\/2024\/09\/Las-condiciones-meteorologicas-de-manana-preveen-una-jornada-nautica-en-la-que-los-veleros-clasicos-brillaran.jpg\" \/>\n\t<meta property=\"og:image:width\" content=\"2362\" \/>\n\t<meta property=\"og:image:height\" content=\"1329\" \/>\n\t<meta property=\"og:image:type\" content=\"image\/jpeg\" \/>\n<meta name=\"author\" content=\"velaclassica\" \/>\n<meta name=\"twitter:card\" content=\"summary_large_image\" \/>\n<meta name=\"twitter:label1\" content=\"Escrito por\" \/>\n\t<meta name=\"twitter:data1\" content=\"velaclassica\" \/>\n\t<meta name=\"twitter:label2\" content=\"Tiempo de lectura\" \/>\n\t<meta name=\"twitter:data2\" content=\"4 minutos\" \/>\n<script type=\"application\/ld+json\" class=\"yoast-schema-graph\">{\"@context\":\"https:\/\/schema.org\",\"@graph\":[{\"@type\":\"WebPage\",\"@id\":\"https:\/\/puigvelaclassica.com\/es\/xvii-edicion-regata-puig-vela-classica\/\",\"url\":\"https:\/\/puigvelaclassica.com\/es\/xvii-edicion-regata-puig-vela-classica\/\",\"name\":\"Las condiciones meteorol\u00f3gicas posponen el inicio de la XVII Edici\u00f3n de la Regata Puig Vela Cl\u00e0ssica para ma\u00f1ana - Puig Vela Cl\u00e0ssica Barcelona\",\"isPartOf\":{\"@id\":\"https:\/\/www.puigvelaclassicabarcelona.com\/es\/#website\"},\"primaryImageOfPage\":{\"@id\":\"https:\/\/puigvelaclassica.com\/es\/xvii-edicion-regata-puig-vela-classica\/#primaryimage\"},\"image\":{\"@id\":\"https:\/\/puigvelaclassica.com\/es\/xvii-edicion-regata-puig-vela-classica\/#primaryimage\"},\"thumbnailUrl\":\"https:\/\/hundreds-wordpress-uploads.s3.amazonaws.com\/velaclassica\/uploads\/2024\/09\/Las-condiciones-meteorologicas-de-manana-preveen-una-jornada-nautica-en-la-que-los-veleros-clasicos-brillaran.jpg\",\"datePublished\":\"2024-09-04T18:11:37+00:00\",\"dateModified\":\"2024-09-04T18:14:24+00:00\",\"author\":{\"@id\":\"https:\/\/www.puigvelaclassicabarcelona.com\/es\/#\/schema\/person\/0f1f6cd6f23050a19e91a3003de34c7e\"},\"description\":\"Las condiciones meteorol\u00f3gicas posponen el inicio de la XVII Edici\u00f3n de la Regata Puig Vela Cl\u00e0ssica para ma\u00f1ana\",\"breadcrumb\":{\"@id\":\"https:\/\/puigvelaclassica.com\/es\/xvii-edicion-regata-puig-vela-classica\/#breadcrumb\"},\"inLanguage\":\"es\",\"potentialAction\":[{\"@type\":\"ReadAction\",\"target\":[\"https:\/\/puigvelaclassica.com\/es\/xvii-edicion-regata-puig-vela-classica\/\"]}]},{\"@type\":\"ImageObject\",\"inLanguage\":\"es\",\"@id\":\"https:\/\/puigvelaclassica.com\/es\/xvii-edicion-regata-puig-vela-classica\/#primaryimage\",\"url\":\"https:\/\/hundreds-wordpress-uploads.s3.amazonaws.com\/velaclassica\/uploads\/2024\/09\/Las-condiciones-meteorologicas-de-manana-preveen-una-jornada-nautica-en-la-que-los-veleros-clasicos-brillaran.jpg\",\"contentUrl\":\"https:\/\/hundreds-wordpress-uploads.s3.amazonaws.com\/velaclassica\/uploads\/2024\/09\/Las-condiciones-meteorologicas-de-manana-preveen-una-jornada-nautica-en-la-que-los-veleros-clasicos-brillaran.jpg\",\"width\":2362,\"height\":1329,\"caption\":\"13\/7\/23 - PUIG VELA CLASSICA BARCELONA XVI EDITION\"},{\"@type\":\"BreadcrumbList\",\"@id\":\"https:\/\/puigvelaclassica.com\/es\/xvii-edicion-regata-puig-vela-classica\/#breadcrumb\",\"itemListElement\":[{\"@type\":\"ListItem\",\"position\":1,\"name\":\"Home\",\"item\":\"https:\/\/www.puigvelaclassicabarcelona.com\/es\/\"},{\"@type\":\"ListItem\",\"position\":2,\"name\":\"Las condiciones meteorol\u00f3gicas posponen el inicio de la XVII Edici\u00f3n de la Regata Puig Vela Cl\u00e0ssica para ma\u00f1ana\"}]},{\"@type\":\"WebSite\",\"@id\":\"https:\/\/www.puigvelaclassicabarcelona.com\/es\/#website\",\"url\":\"https:\/\/www.puigvelaclassicabarcelona.com\/es\/\",\"name\":\"Puig Vela Cl\u00e0ssica Barcelona\",\"description\":\"\",\"potentialAction\":[{\"@type\":\"SearchAction\",\"target\":{\"@type\":\"EntryPoint\",\"urlTemplate\":\"https:\/\/www.puigvelaclassicabarcelona.com\/es\/?s={search_term_string}\"},\"query-input\":{\"@type\":\"PropertyValueSpecification\",\"valueRequired\":true,\"valueName\":\"search_term_string\"}}],\"inLanguage\":\"es\"},{\"@type\":\"Person\",\"@id\":\"https:\/\/www.puigvelaclassicabarcelona.com\/es\/#\/schema\/person\/0f1f6cd6f23050a19e91a3003de34c7e\",\"name\":\"velaclassica\",\"image\":{\"@type\":\"ImageObject\",\"inLanguage\":\"es\",\"@id\":\"https:\/\/www.puigvelaclassicabarcelona.com\/es\/#\/schema\/person\/image\/\",\"url\":\"https:\/\/secure.gravatar.com\/avatar\/18a97ff0e5d67038bad233b79246a7f922424d224871d207487c88e471e664c2?s=96&d=mm&r=g\",\"contentUrl\":\"https:\/\/secure.gravatar.com\/avatar\/18a97ff0e5d67038bad233b79246a7f922424d224871d207487c88e471e664c2?s=96&d=mm&r=g\",\"caption\":\"velaclassica\"},\"sameAs\":[\"https:\/\/puigvelaclassica.com\/\"],\"url\":\"https:\/\/puigvelaclassica.com\/es\/author\/velaclassica\/\"}]}<\/script>\n<!-- \/ Yoast SEO plugin. -->","yoast_head_json":{"title":"Las condiciones meteorol\u00f3gicas posponen el inicio de la XVII Edici\u00f3n de la Regata Puig Vela Cl\u00e0ssica para ma\u00f1ana - Puig Vela Cl\u00e0ssica Barcelona","description":"Las condiciones meteorol\u00f3gicas posponen el inicio de la XVII Edici\u00f3n de la Regata Puig Vela Cl\u00e0ssica para ma\u00f1ana","robots":{"index":"index","follow":"follow","max-snippet":"max-snippet:-1","max-image-preview":"max-image-preview:large","max-video-preview":"max-video-preview:-1"},"canonical":"https:\/\/puigvelaclassica.com\/es\/xvii-edicion-regata-puig-vela-classica\/","og_locale":"es_ES","og_type":"article","og_title":"Las condiciones meteorol\u00f3gicas posponen el inicio de la XVII Edici\u00f3n de la Regata Puig Vela Cl\u00e0ssica para ma\u00f1ana - Puig Vela Cl\u00e0ssica Barcelona","og_description":"Las condiciones meteorol\u00f3gicas posponen el inicio de la XVII Edici\u00f3n de la Regata Puig Vela Cl\u00e0ssica para ma\u00f1ana","og_url":"https:\/\/puigvelaclassica.com\/es\/xvii-edicion-regata-puig-vela-classica\/","og_site_name":"Puig Vela Cl\u00e0ssica Barcelona","article_published_time":"2024-09-04T18:11:37+00:00","article_modified_time":"2024-09-04T18:14:24+00:00","og_image":[{"width":2362,"height":1329,"url":"https:\/\/hundreds-wordpress-uploads.s3.amazonaws.com\/velaclassica\/uploads\/2024\/09\/Las-condiciones-meteorologicas-de-manana-preveen-una-jornada-nautica-en-la-que-los-veleros-clasicos-brillaran.jpg","type":"image\/jpeg"}],"author":"velaclassica","twitter_card":"summary_large_image","twitter_misc":{"Escrito por":"velaclassica","Tiempo de lectura":"4 minutos"},"schema":{"@context":"https:\/\/schema.org","@graph":[{"@type":"WebPage","@id":"https:\/\/puigvelaclassica.com\/es\/xvii-edicion-regata-puig-vela-classica\/","url":"https:\/\/puigvelaclassica.com\/es\/xvii-edicion-regata-puig-vela-classica\/","name":"Las condiciones meteorol\u00f3gicas posponen el inicio de la XVII Edici\u00f3n de la Regata Puig Vela Cl\u00e0ssica para ma\u00f1ana - Puig Vela Cl\u00e0ssica Barcelona","isPartOf":{"@id":"https:\/\/www.puigvelaclassicabarcelona.com\/es\/#website"},"primaryImageOfPage":{"@id":"https:\/\/puigvelaclassica.com\/es\/xvii-edicion-regata-puig-vela-classica\/#primaryimage"},"image":{"@id":"https:\/\/puigvelaclassica.com\/es\/xvii-edicion-regata-puig-vela-classica\/#primaryimage"},"thumbnailUrl":"https:\/\/hundreds-wordpress-uploads.s3.amazonaws.com\/velaclassica\/uploads\/2024\/09\/Las-condiciones-meteorologicas-de-manana-preveen-una-jornada-nautica-en-la-que-los-veleros-clasicos-brillaran.jpg","datePublished":"2024-09-04T18:11:37+00:00","dateModified":"2024-09-04T18:14:24+00:00","author":{"@id":"https:\/\/www.puigvelaclassicabarcelona.com\/es\/#\/schema\/person\/0f1f6cd6f23050a19e91a3003de34c7e"},"description":"Las condiciones meteorol\u00f3gicas posponen el inicio de la XVII Edici\u00f3n de la Regata Puig Vela Cl\u00e0ssica para ma\u00f1ana","breadcrumb":{"@id":"https:\/\/puigvelaclassica.com\/es\/xvii-edicion-regata-puig-vela-classica\/#breadcrumb"},"inLanguage":"es","potentialAction":[{"@type":"ReadAction","target":["https:\/\/puigvelaclassica.com\/es\/xvii-edicion-regata-puig-vela-classica\/"]}]},{"@type":"ImageObject","inLanguage":"es","@id":"https:\/\/puigvelaclassica.com\/es\/xvii-edicion-regata-puig-vela-classica\/#primaryimage","url":"https:\/\/hundreds-wordpress-uploads.s3.amazonaws.com\/velaclassica\/uploads\/2024\/09\/Las-condiciones-meteorologicas-de-manana-preveen-una-jornada-nautica-en-la-que-los-veleros-clasicos-brillaran.jpg","contentUrl":"https:\/\/hundreds-wordpress-uploads.s3.amazonaws.com\/velaclassica\/uploads\/2024\/09\/Las-condiciones-meteorologicas-de-manana-preveen-una-jornada-nautica-en-la-que-los-veleros-clasicos-brillaran.jpg","width":2362,"height":1329,"caption":"13\/7\/23 - PUIG VELA CLASSICA BARCELONA XVI EDITION"},{"@type":"BreadcrumbList","@id":"https:\/\/puigvelaclassica.com\/es\/xvii-edicion-regata-puig-vela-classica\/#breadcrumb","itemListElement":[{"@type":"ListItem","position":1,"name":"Home","item":"https:\/\/www.puigvelaclassicabarcelona.com\/es\/"},{"@type":"ListItem","position":2,"name":"Las condiciones meteorol\u00f3gicas posponen el inicio de la XVII Edici\u00f3n de la Regata Puig Vela Cl\u00e0ssica para ma\u00f1ana"}]},{"@type":"WebSite","@id":"https:\/\/www.puigvelaclassicabarcelona.com\/es\/#website","url":"https:\/\/www.puigvelaclassicabarcelona.com\/es\/","name":"Puig Vela Cl\u00e0ssica Barcelona","description":"","potentialAction":[{"@type":"SearchAction","target":{"@type":"EntryPoint","urlTemplate":"https:\/\/www.puigvelaclassicabarcelona.com\/es\/?s={search_term_string}"},"query-input":{"@type":"PropertyValueSpecification","valueRequired":true,"valueName":"search_term_string"}}],"inLanguage":"es"},{"@type":"Person","@id":"https:\/\/www.puigvelaclassicabarcelona.com\/es\/#\/schema\/person\/0f1f6cd6f23050a19e91a3003de34c7e","name":"velaclassica","image":{"@type":"ImageObject","inLanguage":"es","@id":"https:\/\/www.puigvelaclassicabarcelona.com\/es\/#\/schema\/person\/image\/","url":"https:\/\/secure.gravatar.com\/avatar\/18a97ff0e5d67038bad233b79246a7f922424d224871d207487c88e471e664c2?s=96&d=mm&r=g","contentUrl":"https:\/\/secure.gravatar.com\/avatar\/18a97ff0e5d67038bad233b79246a7f922424d224871d207487c88e471e664c2?s=96&d=mm&r=g","caption":"velaclassica"},"sameAs":["https:\/\/puigvelaclassica.com\/"],"url":"https:\/\/puigvelaclassica.com\/es\/author\/velaclassica\/"}]}},"_links":{"self":[{"href":"https:\/\/puigvelaclassica.com\/es\/wp-json\/wp\/v2\/posts\/8048","targetHints":{"allow":["GET"]}}],"collection":[{"href":"https:\/\/puigvelaclassica.com\/es\/wp-json\/wp\/v2\/posts"}],"about":[{"href":"https:\/\/puigvelaclassica.com\/es\/wp-json\/wp\/v2\/types\/post"}],"author":[{"embeddable":true,"href":"https:\/\/puigvelaclassica.com\/es\/wp-json\/wp\/v2\/users\/1"}],"replies":[{"embeddable":true,"href":"https:\/\/puigvelaclassica.com\/es\/wp-json\/wp\/v2\/comments?post=8048"}],"version-history":[{"count":2,"href":"https:\/\/puigvelaclassica.com\/es\/wp-json\/wp\/v2\/posts\/8048\/revisions"}],"predecessor-version":[{"id":8050,"href":"https:\/\/puigvelaclassica.com\/es\/wp-json\/wp\/v2\/posts\/8048\/revisions\/8050"}],"wp:featuredmedia":[{"embeddable":true,"href":"https:\/\/puigvelaclassica.com\/es\/wp-json\/wp\/v2\/media\/8046"}],"wp:attachment":[{"href":"https:\/\/puigvelaclassica.com\/es\/wp-json\/wp\/v2\/media?parent=8048"}],"wp:term":[{"taxonomy":"category","embeddable":true,"href":"https:\/\/puigvelaclassica.com\/es\/wp-json\/wp\/v2\/categories?post=8048"}],"curies":[{"name":"wp","href":"https:\/\/api.w.org\/{rel}","templated":true}]}}